[{"@context":"https:\/\/schema.org\/","@type":"Article","@id":"https:\/\/www.tekra.cz\/retro-styl-pro-vase-vareni\/#Article","mainEntityOfPage":"https:\/\/www.tekra.cz\/retro-styl-pro-vase-vareni\/","headline":"Retro styl pro va\u0161e va\u0159en\u00ed","name":"Retro styl pro va\u0161e va\u0159en\u00ed","description":"Milujete po\u0159ady o va\u0159en\u00ed? Milujete v\u016fni cibulky, kter\u00e1 se pomalu sma\u017e\u00ed na m\u00e1sle? Ta v\u016fn\u011b je a\u017e opojn\u00e1 a vy v\u00edte, \u017ee z toho v\u017edycky vznikne n\u011bco b\u00e1je\u010dn\u011b lahodn\u00e9ho? Rustik\u00e1ln\u00ed kuchyn\u011b, kter\u00e1 b\u00fdv\u00e1 \u010dasto pou\u017eita jako interi\u00e9r t\u011bchto po\u0159ad\u016f, se v\u00e1m v\u017edy l\u00edbila, ale nikdy jste nev\u011bd\u011bli, kde takovou n\u011bjakou m\u00e1te hledat, kde si ji m\u016f\u017eete dop\u0159\u00e1t i do sv\u00e9ho bytu \u010di domu? M\u00e1te r\u00e1di &hellip;","datePublished":"2024-12-07","dateModified":"2024-12-07","author":{"@type":"Person","@id":"https:\/\/www.tekra.cz\/author\/#Person","name":"","url":"https:\/\/www.tekra.cz\/author\/","identifier":1,"image":{"@type":"ImageObject","@id":"https:\/\/secure.gravatar.com\/avatar\/c61c2d82e330ff9c70cf023b4c62d411e8407bcb38f85df591fa270717754b44?s=96&d=mm&r=g","url":"https:\/\/secure.gravatar.com\/avatar\/c61c2d82e330ff9c70cf023b4c62d411e8407bcb38f85df591fa270717754b44?s=96&d=mm&r=g","height":96,"width":96}},"publisher":{"@type":"Organization","name":"tekra.cz","logo":{"@type":"ImageObject","@id":"\/logo.png","url":"\/logo.png","width":600,"height":60}},"url":"https:\/\/www.tekra.cz\/retro-styl-pro-vase-vareni\/","wordCount":177,"articleBody":"Milujete po\u0159ady o va\u0159en\u00ed? Milujete v\u016fni cibulky, kter\u00e1 se pomalu sma\u017e\u00ed na m\u00e1sle? Ta v\u016fn\u011b je a\u017e opojn\u00e1 a vy v\u00edte, \u017ee z toho v\u017edycky vznikne n\u011bco b\u00e1je\u010dn\u011b lahodn\u00e9ho? Rustik\u00e1ln\u00ed kuchyn\u011b, kter\u00e1 b\u00fdv\u00e1 \u010dasto pou\u017eita jako interi\u00e9r t\u011bchto po\u0159ad\u016f, se v\u00e1m v\u017edy l\u00edbila, ale nikdy jste nev\u011bd\u011bli, kde takovou n\u011bjakou m\u00e1te hledat, kde si ji m\u016f\u017eete dop\u0159\u00e1t i do sv\u00e9ho bytu \u010di domu? M\u00e1te r\u00e1di neobvykl\u00e9 designy? Ka\u017ed\u00fd, kdo nechce zapadnout do ka\u017edodenn\u00ed \u0161edi, by si m\u011bl vybrat z na\u0161\u00ed nab\u00eddky, proto\u017ee na\u0161e modely jsou kr\u00e1sn\u00e9 a neot\u0159el\u00e9 a rozhodn\u011b je nem\u00e1 ka\u017ed\u00fd druh\u00fd u v\u00e1s ve vchod\u011b. Kdy\u017e v\u00e1s v\u017edy zlobilo, \u017ee mus\u00edte m\u00edt stejn\u00fd model vybaven\u00ed jako soused, proto\u017ee nic jin\u00e9ho na trhu nen\u00ed, pamatujete? Nyn\u00ed u\u017e to nehroz\u00ed, nyn\u00ed jsme tu my a my to nedopust\u00edme!                                                                                                                                                                                                                                                                                                                                                                                        4.2\/5 - (6 votes)        "},{"@context":"https:\/\/schema.org\/","@type":"BreadcrumbList","itemListElement":[{"@type":"ListItem","position":1,"name":"Retro styl pro va\u0161e va\u0159en\u00ed","item":"https:\/\/www.tekra.cz\/retro-styl-pro-vase-vareni\/#breadcrumbitem"}]}]