[{"@context":"https:\/\/schema.org\/","@type":"Article","@id":"https:\/\/www.tekra.cz\/rezervujte-si-pobyt-ve-velkem-mederu-mimo-hlavni-sezonu\/#Article","mainEntityOfPage":"https:\/\/www.tekra.cz\/rezervujte-si-pobyt-ve-velkem-mederu-mimo-hlavni-sezonu\/","headline":"Rezervujte si pobyt ve Velk\u00e9m Mederu mimo hlavn\u00ed sez\u00f3nu","name":"Rezervujte si pobyt ve Velk\u00e9m Mederu mimo hlavn\u00ed sez\u00f3nu","description":"Velk\u00fd Meder je vyhl\u00e1\u0161en\u00e1 rekrea\u010dn\u00ed lokalita v Podunajsk\u00e9 n\u00ed\u017ein\u011b, kam se ka\u017ed\u00fd rok sj\u00ed\u017ed\u00ed tis\u00edce spokojen\u00fdch n\u00e1v\u0161t\u011bvn\u00edk\u016f. N\u011bkte\u0159\u00ed z nich sem sm\u011b\u0159uj\u00ed opakovan\u011b, jin\u00ed jsou tu poprv\u00e9. St\u00e1v\u00e1 se, \u017ee v pr\u016fb\u011bhu letn\u00edch pr\u00e1zdnin se tu sejde tolik z\u00e1jemc\u016f o koup\u00e1n\u00ed v term\u00e1ln\u00edch baz\u00e9nech, \u017ee se tamn\u00ed prost\u0159ed\u00ed m\u011bn\u00ed sp\u00ed\u0161e v bzu\u010d\u00edc\u00ed v\u010del\u00ed \u00fal, a kde si p\u0159\u00edli\u0161 mnoho klidu a osobn\u00ed pohody neu\u017eijete. Pro\u010d &hellip;","datePublished":"2023-05-19","dateModified":"2023-06-19","author":{"@type":"Person","@id":"https:\/\/www.tekra.cz\/author\/#Person","name":"","url":"https:\/\/www.tekra.cz\/author\/","identifier":1,"image":{"@type":"ImageObject","@id":"https:\/\/secure.gravatar.com\/avatar\/c61c2d82e330ff9c70cf023b4c62d411e8407bcb38f85df591fa270717754b44?s=96&d=mm&r=g","url":"https:\/\/secure.gravatar.com\/avatar\/c61c2d82e330ff9c70cf023b4c62d411e8407bcb38f85df591fa270717754b44?s=96&d=mm&r=g","height":96,"width":96}},"publisher":{"@type":"Organization","name":"tekra.cz","logo":{"@type":"ImageObject","@id":"\/logo.png","url":"\/logo.png","width":600,"height":60}},"image":{"@type":"ImageObject","@id":"https:\/\/www.tekra.cz\/wp-content\/uploads\/jakob-owens-cL1m55GcwXE-unsplash.jpg","url":"https:\/\/www.tekra.cz\/wp-content\/uploads\/jakob-owens-cL1m55GcwXE-unsplash.jpg","height":0,"width":0},"url":"https:\/\/www.tekra.cz\/rezervujte-si-pobyt-ve-velkem-mederu-mimo-hlavni-sezonu\/","about":["Spole\u010dnosti"],"wordCount":423,"articleBody":"   Velk\u00fd Meder je vyhl\u00e1\u0161en\u00e1 rekrea\u010dn\u00ed lokalita v Podunajsk\u00e9 n\u00ed\u017ein\u011b, kam se ka\u017ed\u00fd rok sj\u00ed\u017ed\u00ed tis\u00edce spokojen\u00fdch n\u00e1v\u0161t\u011bvn\u00edk\u016f. N\u011bkte\u0159\u00ed z nich sem sm\u011b\u0159uj\u00ed opakovan\u011b, jin\u00ed jsou tu poprv\u00e9. St\u00e1v\u00e1 se, \u017ee v pr\u016fb\u011bhu letn\u00edch pr\u00e1zdnin se tu sejde tolik z\u00e1jemc\u016f o koup\u00e1n\u00ed v term\u00e1ln\u00edch baz\u00e9nech, \u017ee se tamn\u00ed prost\u0159ed\u00ed m\u011bn\u00ed sp\u00ed\u0161e v bzu\u010d\u00edc\u00ed v\u010del\u00ed \u00fal, a kde si p\u0159\u00edli\u0161 mnoho klidu a osobn\u00ed pohody neu\u017eijete. Pro\u010d rad\u011bji objedn\u00e1vat term\u00edny pobytu v penzionu Velk\u00fd Meder mimo pr\u00e1zdniny?D\u011btsk\u00fd povyk \u2013 nem\u00e1me nic proti d\u011btem, ale jestli\u017ee se jich sejde velk\u00fd po\u010det na mal\u00e9m prostoru, dovedou b\u00fdt natolik dov\u00e1div\u00e9 a rozvern\u00e9, a\u017e v\u00e1m to nebude p\u0159\u00edjemn\u00e9. D\u011bti miluj\u00ed vodn\u00ed atrakce a tr\u00e1v\u00ed na nich mnoho \u010dasu, a tak se v\u00e1m m\u016f\u017ee st\u00e1t, \u017ee se tu s nimi o n\u011b budete p\u0159etahovat a budete se jim muset vyh\u00fdbat. Jedete-li do Velk\u00e9ho Mederu hlavn\u011b za relaxac\u00ed a klidem, zvolte si rad\u011bji \u010derven nebo z\u00e1\u0159\u00ed.Energie lid\u00ed vs. energie p\u0159\u00edrody \u2013 ka\u017ed\u00e1 \u017eiv\u00e1 bytost vyza\u0159uje energii a ta se odli\u0161uje zejm\u00e9na tzv. \u00farovn\u00ed osobn\u00ed vibrace. \u010c\u00edm l\u00e1skypln\u011bj\u0161\u00ed a pohodov\u011bj\u0161\u00ed osobnost, t\u00edm p\u0159\u00edjemn\u011bj\u0161\u00ed a p\u0159ita\u017eliv\u011bj\u0161\u00ed energii tak\u00e9 vn\u00edm\u00e1me. Ne v\u017edy se ale v baz\u00e9nech a v jejich okol\u00ed sejdou v\u0161ichni, co jsou \u00fa\u017easn\u00ed a srde\u010dn\u00ed, mohou tu naopak p\u0159eva\u017eovat lid\u00e9 z\u00e1vistiv\u00ed, zl\u00ed, nep\u0159ej\u00edc\u00ed a probl\u00e9mov\u00ed, a s nimi nebude lehk\u00e9 po\u0159\u00edzen\u00ed. \u010c\u00edm m\u00e9n\u011b lid\u00ed je v baz\u00e9nu, t\u00edm men\u0161\u00ed pravd\u011bpodobnost, \u017ee tu naraz\u00edte na n\u011bkoho takov\u00e9ho, a mimo pr\u00e1zdninovou sez\u00f3nu je to tedy pochopiteln\u011b v\u00fdhodn\u011bj\u0161\u00ed.Hluk \u2013 kdo si chce u\u017e\u00edt opravdov\u00fd relax, m\u011bl by se vyhnout i vy\u0161\u0161\u00ed hladin\u011b hluku, kter\u00e1 b\u00fdv\u00e1 v rekrea\u010dn\u00edch za\u0159\u00edzen\u00edch tohoto typu docela b\u011b\u017en\u00e1 v p\u0159\u00edpad\u011b, \u017ee je tu p\u0159elidn\u011bno. Hluk je druh stresu, a ten si p\u0159ece o dovolen\u00e9 nep\u0159ejeme, chceme si tu hlavn\u011b odpo\u010dinout a na\u010derpat nov\u00fdch sil, nikoli \u010delit dal\u0161\u00edm stresov\u00fdm podn\u011bt\u016fm, s nimi\u017e m\u00e1me co do \u010din\u011bn\u00ed v zam\u011bstn\u00e1n\u00ed a p\u0159i pohybu ve m\u011bst\u011b.                                                                                                                                                                                                                                                                                                                                                                                          4.3\/5 - (10 votes)        "},{"@context":"https:\/\/schema.org\/","@type":"BreadcrumbList","itemListElement":[{"@type":"ListItem","position":1,"name":"Rezervujte si pobyt ve Velk\u00e9m Mederu mimo hlavn\u00ed sez\u00f3nu","item":"https:\/\/www.tekra.cz\/rezervujte-si-pobyt-ve-velkem-mederu-mimo-hlavni-sezonu\/#breadcrumbitem"}]}]